{"id":10477,"date":"2020-08-17T12:19:40","date_gmt":"2020-08-17T09:19:40","guid":{"rendered":"https:\/\/2020.tallinnmusicweek.ee\/?p=10477"},"modified":"2020-08-17T12:19:40","modified_gmt":"2020-08-17T09:19:40","slug":"uue-maailma-loomismuudid-tode-ja-oigus-ning-muumid-tmw-kunstiprogrammis","status":"publish","type":"post","link":"https:\/\/2020.tallinnmusicweek.ee\/et\/2020\/08\/uue-maailma-loomismuudid-tode-ja-oigus-ning-muumid-tmw-kunstiprogrammis\/","title":{"rendered":"Uue maailma loomism\u00fc\u00fcdid, t\u00f5de ja \u00f5igus ning muumid TMW kunstiprogrammis"},"content":{"rendered":"<p><strong>27.-30. augustil toimuva Tallinn Music Weeki kunstiprogramm on t\u00e4navu ise\u00e4ranis mahukas ja mitmek\u00fclgne. Lisaks traditsioonilisele Eesti Kaasaegse Kunsti Arenduskeskuse (EKKAK) kureeritud Tallinna Neljap\u00e4eva galeriituurile saab Noblessneri sadamalinnakus nautida EKA tudengite valgusinstallatsioone ja Kai kunstikeskuse suveprojekti. Telliskivi Loomelinnakus saab lisaks erinevatele n\u00e4itustele k\u00fclastada ka Muumimuuseumi pop-up poodi.<\/strong><\/p>\n<p>EKKAK kureerib festivali avap\u00e4eval, neljap\u00e4eval, 27. augustil spetsiaalse programmi ja pikendatud avamisaegadega galerii\u00f5htut Tallinna Neljap\u00e4ev, mille raames saab kaheksas galeriis n\u00e4ha nii Eesti kui ka rahvusvaheliste kunstnike v\u00e4rsket loomingut, leiavad aset tutvustavad tuurid ning kohtumised kunstnike ja galeristidega. Tallinna Neljap\u00e4evast v\u00f5tavad osa Kai kunstikeskus, Temnikova &amp; Kasela galerii, EKA Galerii, Juhan Kuusi Dokfoto Keskus, Positiiv galerii, Okapi galerii, Haus galerii ja Vaal galerii.<\/p>\n<p>Kai kunstikeskuse n\u00e4itusel \u201eLove Song Sing Along (Once Again With Feeling!)\u201c n\u00e4eb kunstnikepaari <strong>Kris Lemsalu Malone<\/strong> ja muusikas\u00f5pradele eesk\u00e4tt USA grupi TV On The Radio liikmena tuntud <strong>Kyp Malone Lemsalu<\/strong> nii uusi kui ka varasemaid teoseid, sealhulgas suuremahulist installatsiooni. Aadama ja Eeva rolli astunud kunstnikud on ette v\u00f5tnud uue maailma loomism\u00fc\u00fcdi, kus leiavad kesksete tegelastena koha luik, j\u00e4nes ja jaaguar. TMW ajal saab n\u00e4itusega t\u00e4ismahus tutvuda 27 ja 30. augustil..Osad n\u00e4ituse teosed on vaadeldavad ka 28. ja 29. augustil Kai keskuses toimuvate TMW muusika\u00f5htute ajal.<\/p>\n<p>Temnikova &amp; Kasela galerii <strong>Kaido Ole<\/strong> isikun\u00e4itus \u201eK\u00f5ik koos\u201c koosneb kolmest uuest teosest ja kolmest monumentaalmaalist. Koos varasemast loomingust tuttavate v\u00e4ljam\u00f5eldud tegelastega astub Ole maalidel \u00fcles kunstniku, kuraatori, installeerija ja muuseumidirektori rollides.<\/p>\n<figure id=\"attachment_10455\" aria-describedby=\"caption-attachment-10455\" style=\"width: 1024px\" class=\"wp-caption aligncenter\"><img loading=\"lazy\" class=\"size-large wp-image-10455\" src=\"https:\/\/2020.tallinnmusicweek.ee\/wp-content\/uploads\/2020\/08\/Juhan-Kuusi-Dokfoto-Keskus-1-1024x768.jpg\" alt=\"\" width=\"1024\" height=\"768\" srcset=\"https:\/\/2020.tallinnmusicweek.ee\/wp-content\/uploads\/2020\/08\/Juhan-Kuusi-Dokfoto-Keskus-1-1024x768.jpg 1024w, https:\/\/2020.tallinnmusicweek.ee\/wp-content\/uploads\/2020\/08\/Juhan-Kuusi-Dokfoto-Keskus-1-300x225.jpg 300w, https:\/\/2020.tallinnmusicweek.ee\/wp-content\/uploads\/2020\/08\/Juhan-Kuusi-Dokfoto-Keskus-1-768x576.jpg 768w, https:\/\/2020.tallinnmusicweek.ee\/wp-content\/uploads\/2020\/08\/Juhan-Kuusi-Dokfoto-Keskus-1.jpg 1079w\" sizes=\"(max-width: 1024px) 100vw, 1024px\" \/><figcaption id=\"caption-attachment-10455\" class=\"wp-caption-text\">Juhan Kuusi Dokfoto Keskus<\/figcaption><\/figure>\n<p>Telliskivi Loomelinnakus Juhan Kuusi Dokfoto Keskuses \u00a0on avatud\u00a0 esmakordselt Eestis kohaliku t\u00e4navafotograafia \u00fclevaaten\u00e4itus \u201eV\u00e4ljavaade \u2013 40 aastat t\u00e4navafotograafiat Eestis\u201c.\u00a0Galerii Positiiv akendel avatud <strong>Kristel Schwede<\/strong> ja <strong>Kadri Pettai<\/strong> n\u00e4itus heidab pilgu \u00e4\u00e4relinna maailma, kus igal majal on r\u00e4\u00e4kida nii mitu lugu, kui palju seal on olnud elanikke.<\/p>\n<p>Vaal galeriis avatakse Tallinna Neljap\u00e4eval <strong>Piret Karro<\/strong> &amp; <strong>Laura P\u00f5llu<\/strong> joonistuste, installatsioonide, luule ja l\u00fchiproosa \u00fchisn\u00e4itus \u201eAjan nahka\u201c. Tervelt kolm n\u00e4itust on \u00fcleval Haus galeriis \u2013 <strong>Vano Allsalu<\/strong> isikun\u00e4itus \u201eLoodusest\u201c ja <strong>Elvi Rangelli<\/strong> v\u00e4ljapanek \u201eElu on hea\u201c ja <strong>Elina Laurineni<\/strong> \u201eV\u00e4rvi v\u00f5lud\u201c.<\/p>\n<figure id=\"attachment_10379\" aria-describedby=\"caption-attachment-10379\" style=\"width: 719px\" class=\"wp-caption aligncenter\"><img loading=\"lazy\" class=\"wp-image-10379 size-large\" src=\"https:\/\/2020.tallinnmusicweek.ee\/wp-content\/uploads\/2020\/08\/Vaal-galerii-719x1024.jpg\" alt=\"\" width=\"719\" height=\"1024\" srcset=\"https:\/\/2020.tallinnmusicweek.ee\/wp-content\/uploads\/2020\/08\/Vaal-galerii-719x1024.jpg 719w, https:\/\/2020.tallinnmusicweek.ee\/wp-content\/uploads\/2020\/08\/Vaal-galerii-211x300.jpg 211w, https:\/\/2020.tallinnmusicweek.ee\/wp-content\/uploads\/2020\/08\/Vaal-galerii-768x1094.jpg 768w, https:\/\/2020.tallinnmusicweek.ee\/wp-content\/uploads\/2020\/08\/Vaal-galerii-1078x1536.jpg 1078w, https:\/\/2020.tallinnmusicweek.ee\/wp-content\/uploads\/2020\/08\/Vaal-galerii-1438x2048.jpg 1438w, https:\/\/2020.tallinnmusicweek.ee\/wp-content\/uploads\/2020\/08\/Vaal-galerii-scaled.jpg 1797w\" sizes=\"(max-width: 719px) 100vw, 719px\" \/><figcaption id=\"caption-attachment-10379\" class=\"wp-caption-text\">Vaal galerii<\/figcaption><\/figure>\n<p>EKA galerii rahvusvahelise grupin\u00e4itusel \u201eSarnasus kontakti kaudu. Graafika grammatika\u201c p\u00f6\u00f6ratakse t\u00e4helepanu vormidele ja nende paljunemisele erinevate lausungite kaudu. Okapi galeriis toimub Tallinna Neljap\u00e4eva \u00f5htul pop-up kunstim\u00fc\u00fcgip\u00e4ev ning muusikaline etteaste.<\/p>\n<p>Lisaks EKKAKi kureeritud Tallinna Neljap\u00e4eva galeriituurile saab TMW n\u00e4dalal nautida veel mitmeid teisi n\u00e4itusi festivali kahes peamises toimumispaigas Noblessneri sadamas ja Telliskivi Loomelinnakus.<\/p>\n<p>Noblessneri jahisadama alal saab festivali ajal kogeda <strong>Marianne J\u00f5gi<\/strong> merelainetel loksuvat p\u00fcstkoda \u201eInterauraalne kontuur I\u201d\u00a0 koos seda saatva <strong>\u00dclo Kriguli<\/strong> heliteosega \u201eVesi ise\u201c.<\/p>\n<figure id=\"attachment_10461\" aria-describedby=\"caption-attachment-10461\" style=\"width: 690px\" class=\"wp-caption aligncenter\"><img loading=\"lazy\" class=\"size-large wp-image-10461\" src=\"https:\/\/2020.tallinnmusicweek.ee\/wp-content\/uploads\/2020\/08\/Haus-1-690x1024.png\" alt=\"\" width=\"690\" height=\"1024\" srcset=\"https:\/\/2020.tallinnmusicweek.ee\/wp-content\/uploads\/2020\/08\/Haus-1-690x1024.png 690w, https:\/\/2020.tallinnmusicweek.ee\/wp-content\/uploads\/2020\/08\/Haus-1-202x300.png 202w, https:\/\/2020.tallinnmusicweek.ee\/wp-content\/uploads\/2020\/08\/Haus-1-768x1139.png 768w, https:\/\/2020.tallinnmusicweek.ee\/wp-content\/uploads\/2020\/08\/Haus-1-1035x1536.png 1035w, https:\/\/2020.tallinnmusicweek.ee\/wp-content\/uploads\/2020\/08\/Haus-1.png 1348w\" sizes=\"(max-width: 690px) 100vw, 690px\" \/><figcaption id=\"caption-attachment-10461\" class=\"wp-caption-text\">Haus galerii<\/figcaption><\/figure>\n<p>Reedest, 28. augustist kuni p\u00fchap\u00e4eva, 30. augustini pakuvad EKA tudengite valgusinstallatsioonid Noblessneris Krusensterni v\u00e4ljaku, Kai kunstikeskuse, PROTO avastustehase ja Valukoja vahelisel alal silmailu hilis\u00f5htustele jalutajatele.<\/p>\n<p>Telliskivi Loomelinnaku V\u00e4ligaleriis on festivali p\u00e4evil avatud Eesti avangardkunsti klassiku <strong>Raul Meele<\/strong> n\u00e4itus \u201eT\u00f5de ja \u00f5igus: vanad\u201c, milles autor k\u00e4sitleb Tammsaare kirjandusklassikat.<\/p>\n<p>18.-30. augustil tegutseb Telliskivi Loomelinnakus Fotografiska Tallinna keskuses Muumimuuseumi ametlik pop-up pood. Koost\u00f6\u00f6s Tampere-Talos asuva Muumimuuseumiga avatavas poes pakutav t\u00f5stab esile Tove Janssoni originaalteostel p\u00f5hinevaid muumitooteid. Fotografiskas on TMW ajal avatud ka Kanada muusiku <strong>Bryan Adamsi<\/strong> kuulsuste portreede n\u00e4itus \u201eP\u00e4evavalgel\u201c, <strong>Lina Iris Viktori<\/strong> \u201eTume testament\u201c, <strong>Sebasti\u00e3o Salgado<\/strong> \u201eKuld\u201c ja Ignas Pavliukevi\u010diuse \u201eVeekindel s\u00fcda\u201c.<\/p>\n<p>Tallinna Neljap\u00e4eva galerituuri, Marianne J\u00f5gi ja EKA tudengite installatsioonide k\u00fclastus on huvilistele tasuta. Fotografiska Tallinna n\u00e4ituste k\u00fclastus TMW ajal on festivalipassi ja PRO passi omanikele soodustingimustel. Lisainfo kohapeal.<\/p>\n<p>Tallinna Neljap\u00e4eva n\u00e4itused j\u00e4\u00e4vad festivali n\u00e4dalal avatuks tavap\u00e4rastel lahtiolekuaegadel.<\/p>\n<p>TMW kunstiprogrammi lisainfo, n\u00e4ituste tutvustused ja ajakava leiab <a href=\"https:\/\/2020.tallinnmusicweek.ee\/et\/festival\/kunst\">siit<\/a>.<\/p>\n<p>27.\u201330. augustini kestva TMW 2020 raames toimuvad\u00a0 muusikafestival, konverents Eesti Kunstiakadeemias\u00a0 ja erinevad linnafestivali \u00fcritused kunstiprogrammist avalike vestlusteni. TMW t\u00e4navune infokeskus asub Viru Keskuse v\u00e4literrassil, festivali ametlik hotell on Nordic Hotel Forum.<\/p>\n<p>TMW PRO pass, DigiPRO pass, konverentsipass ja toetajapass, mis v\u00f5imaldavad osaleda konverentsil nii kohapeal kui ka digitaalselt, ning festivalipass, mis tagab p\u00e4\u00e4su muusikafestivalile, on m\u00fc\u00fcgil TMW veebipoes shop.tmw.ee. Telia klientidele kehtib eelm\u00fc\u00fcgist ostetud piletitele 20% allahindlus. <a href=\"https:\/\/2020.tallinnmusicweek.ee\/et\/piletid-ja-passid\">Lisainfo<\/a>.<\/p>\n<p>TMW 2020 korraldatakse vastavalt antud perioodil avalikele \u00fcritustele kehtivatele reeglitele, mis aitavad v\u00e4ltida koroonaviiruse levitamist v\u00f5i sellesse nakatumist. <a href=\"https:\/\/2020.tallinnmusicweek.ee\/et\/festivalist\/terviseohutus\">Lisainfo<\/a>.<\/p>\n<p>TMW 2020 esitleja on Telia.<\/p>\n<p>TMW festivali korraldab Shiftworks O\u00dc koos paljude partnerite ja kaaskorraldajatega. TMW\u00a0kunstiprogrammi partnerid on\u00a0 Eesti Kaasaegse Kunsti Arenduskeskus, Kai kunstikeskus, Fotografiska Tallinn, Telliskivi V\u00e4ligalerii, Eesti Kunstiakadeemia, Tampere Talo ja Muumimuuseum.<\/p>\n<p>Festivali toetavad Kultuuriministeerium, Tallinna Kultuuriamet, Kultuurkapital, Tallinna Ettev\u00f5tlusamet ja EAS.<\/p>\n<p>TMW rahvusvahelisi tegevusi, mille eesm\u00e4rk on tutvustada Eestit kui atraktiivset sihtkohta muusika- ja kultuurihuvilistele, toetatakse Euroopa Regionaalarengu Fondi vahenditest.<\/p>\n","protected":false},"excerpt":{"rendered":"<p>27.-30. augustil toimuva Tallinn Music Weeki kunstiprogramm on t\u00e4navu ise\u00e4ranis mahukas ja mitmek\u00fclgne. Lisaks traditsioonilisele Eesti Kaasaegse Kunsti Arenduskeskuse (EKKAK) kureeritud Tallinna Neljap\u00e4eva galeriituurile saab Noblessneri sadamalinnakus nautida EKA tudengite valgusinstallatsioone ja Kai kunstikeskuse suveprojekti. Telliskivi Loomelinnakus saab lisaks erinevatele n\u00e4itustele k\u00fclastada ka Muumimuuseumi pop-up poodi. EKKAK kureerib festivali avap\u00e4eval, neljap\u00e4eval, 27. augustil spetsiaalse programmi [&hellip;]<\/p>\n","protected":false},"author":25,"featured_media":10370,"comment_status":"closed","ping_status":"closed","sticky":false,"template":"","format":"standard","meta":{"_monsterinsights_skip_tracking":false,"_monsterinsights_sitenote_active":false,"_monsterinsights_sitenote_note":"","_monsterinsights_sitenote_category":0},"categories":[4],"tags":[],"acf":[],"_links":{"self":[{"href":"https:\/\/2020.tallinnmusicweek.ee\/et\/wp-json\/wp\/v2\/posts\/10477"}],"collection":[{"href":"https:\/\/2020.tallinnmusicweek.ee\/et\/wp-json\/wp\/v2\/posts"}],"about":[{"href":"https:\/\/2020.tallinnmusicweek.ee\/et\/wp-json\/wp\/v2\/types\/post"}],"author":[{"embeddable":true,"href":"https:\/\/2020.tallinnmusicweek.ee\/et\/wp-json\/wp\/v2\/users\/25"}],"replies":[{"embeddable":true,"href":"https:\/\/2020.tallinnmusicweek.ee\/et\/wp-json\/wp\/v2\/comments?post=10477"}],"version-history":[{"count":1,"href":"https:\/\/2020.tallinnmusicweek.ee\/et\/wp-json\/wp\/v2\/posts\/10477\/revisions"}],"predecessor-version":[{"id":10481,"href":"https:\/\/2020.tallinnmusicweek.ee\/et\/wp-json\/wp\/v2\/posts\/10477\/revisions\/10481"}],"wp:featuredmedia":[{"embeddable":true,"href":"https:\/\/2020.tallinnmusicweek.ee\/et\/wp-json\/wp\/v2\/media\/10370"}],"wp:attachment":[{"href":"https:\/\/2020.tallinnmusicweek.ee\/et\/wp-json\/wp\/v2\/media?parent=10477"}],"wp:term":[{"taxonomy":"category","embeddable":true,"href":"https:\/\/2020.tallinnmusicweek.ee\/et\/wp-json\/wp\/v2\/categories?post=10477"},{"taxonomy":"post_tag","embeddable":true,"href":"https:\/\/2020.tallinnmusicweek.ee\/et\/wp-json\/wp\/v2\/tags?post=10477"}],"curies":[{"name":"wp","href":"https:\/\/api.w.org\/{rel}","templated":true}]}}